{"id":8,"date":"2008-01-24T22:48:00","date_gmt":"2008-01-24T21:48:00","guid":{"rendered":"http:\/\/www.petera.se\/blog\/?p=8"},"modified":"2008-01-24T22:48:00","modified_gmt":"2008-01-24T21:48:00","slug":"en-palett-av-fardigheter","status":"publish","type":"post","link":"https:\/\/www.petera.se\/blog\/en-palett-av-fardigheter","title":{"rendered":"En palett av f\u00e4rdigheter"},"content":{"rendered":"<p>Fascinerande &#8211; jag satt och pratade om en f\u00f6rel\u00e4sning jag ska ha om ett par veckor. Det \u00e4r f\u00f6r en mindre grupp m\u00e4nniskor 3-5 stycken, och det \u00e4r f\u00f6rhoppningsvis i ett lite mysigare sammanhang \u00e4n traditionella f\u00f6rel\u00e4sningssalar :) Det g\u00f6r dock att monologen passar v\u00e4ldigt illa. Ren och sk\u00e4r coaching funkar ju inte heller eftersom de f\u00f6rv\u00e4ntar sig n\u00e5gon form av visdom. Pl\u00f6tsligt s\u00e5g jag framf\u00f6r mig en tavla vi m\u00e5lar tillsammans d\u00e4r de f\u00e5r beskriva sin vardag, sina liv och de utmaningar som de har. Utifr\u00e5n deras beskrivningar kan jag v\u00e4lja fr\u00e5n den palett av \u00e4mnen och infallsvinklar som jag har f\u00f6r att leda oss vidare in i samtalet och m\u00e5la upp bilder som vi ser allihop. Kanske en liten modell f\u00f6r att gr\u00e4va vidare i vad de befinner sig i f\u00f6r situation. Kanske en anekdot fr\u00e5n f\u00f6rr om hur jag upplevt liknande saker. Kanske en parallellprocess till n\u00e5got de sa tidigare.<\/p>\n<p>Den h\u00e4r paletten \u00e4r ju s\u00e5klart redan den jag har och dagligen anv\u00e4nder, men idag \u00e4r den relativt ok\u00e4nd f\u00f6r mig. Jag vet\u00a0vilka omr\u00e5den\u00a0jag har namngett, och jag vet vad jag skrivit om h\u00e4r, men mycket annat \u00e4r bortom k\u00e4nnedom f\u00f6r mig. Nu inser jag ju varf\u00f6r jag skriver den h\u00e4r bloggen som en privat dagbok :) F\u00f6r att skapa min palett av anv\u00e4ndbara teorier och bilder och metaforer. Jag \u00e4r ju s\u00e5 spattig och ombytlig att jag snabbt \u00e4ndrar \u00e5sikt eller skippar en modell f\u00f6r en annan. Yep, jag har mode-modeller som \u00e4r aktuella ett tag, men som sedan bleknar till f\u00f6rm\u00e5n f\u00f6r andra. Men om jag ska lira en person eller en grupp s\u00e5 kr\u00e4vs det ju att paletten kan tas fram och n\u00e5got jag inte t\u00e4nkt p\u00e5 under senaste \u00e5ret kan vara anv\u00e4ndbart. H\u00e4r skapar jag den l\u00f6pande och jag f\u00e5r ocks\u00e5 en liten gnutta bekr\u00e4ftelse eftersom jag vet att det finns grymt smarta personer d\u00e4r ute som l\u00e4ser och uppskattar delar av mina tankar. *rodna*<\/p>\n<p>Jag h\u00f6rde mig till exempel dra den gamla GNU-metaforen f\u00f6r en vecka sen inf\u00f6r en ledningsgrupp. Den passade klockrent d\u00e4r, men det var l\u00e4ngesedan jag sl\u00e4ppte fram den. Den handlar om att summan av alla delar inte \u00e4r samma sak som helheten och g\u00e5r ut p\u00e5 att 10 000 gnuer ska vandra \u00f6ver den stora floden i jakt p\u00e5 gr\u00e4s. I floden ligger 1 000 krokodiler och v\u00e4ntar. Det \u00e4r deras stora jakts\u00e4song och de \u00e4ter en gnu var. Det g\u00f6r ju att summan av alla gnuer som klarar sig \u00f6ver \u00e4r 9 000. Men om vi summerar budgeten av alla gnuer som t\u00e4nkt ta sig \u00f6ver s\u00e5 \u00e4r det sannolikt n\u00e4rmare 10 000. Vem ska b\u00e4ra hundhuvudet f\u00f6r att utfallet diffar fr\u00e5n budgeten s\u00e5 grovt? Inte de upp\u00e4tna gnuerna i varje fall ;) S\u00e5, budgeten f\u00f6r helheten baseras p\u00e5 helt andra faktorer \u00e4n budgeten f\u00f6r varje enskild del. Vilket i sin tur inneb\u00e4r att det m\u00e5ste finnas en \u00fcber-gnu som arbetar med statistik och stora talens lag, ist\u00e4llet f\u00f6r sannolikhet i det enskilda fallet. Det finns en massa intressant matematik i detta, men det r\u00e4cker att prata om gnuerna s\u00e5 f\u00f6rst\u00e5r folk :)<\/p>\n<p>In i paletten med er gnuer!<\/p>\n","protected":false},"excerpt":{"rendered":"<p>Fascinerande &#8211; jag satt och pratade om en f\u00f6rel\u00e4sning jag ska ha om ett par veckor. Det \u00e4r f\u00f6r en mindre grupp m\u00e4nniskor 3-5 stycken, och det \u00e4r f\u00f6rhoppningsvis i ett lite mysigare sammanhang \u00e4n traditionella f\u00f6rel\u00e4sningssalar :) Det g\u00f6r dock att monologen passar v\u00e4ldigt illa. Ren och sk\u00e4r coaching funkar ju inte heller eftersom&hellip;<\/p>\n","protected":false},"author":2,"featured_media":0,"comment_status":"open","ping_status":"open","sticky":false,"template":"","format":"standard","meta":{"ngg_post_thumbnail":0,"footnotes":""},"categories":[5],"tags":[],"class_list":["post-8","post","type-post","status-publish","format-standard","hentry","category-om-mig"],"aioseo_notices":[],"_links":{"self":[{"href":"https:\/\/www.petera.se\/blog\/wp-json\/wp\/v2\/posts\/8","targetHints":{"allow":["GET"]}}],"collection":[{"href":"https:\/\/www.petera.se\/blog\/wp-json\/wp\/v2\/posts"}],"about":[{"href":"https:\/\/www.petera.se\/blog\/wp-json\/wp\/v2\/types\/post"}],"author":[{"embeddable":true,"href":"https:\/\/www.petera.se\/blog\/wp-json\/wp\/v2\/users\/2"}],"replies":[{"embeddable":true,"href":"https:\/\/www.petera.se\/blog\/wp-json\/wp\/v2\/comments?post=8"}],"version-history":[{"count":0,"href":"https:\/\/www.petera.se\/blog\/wp-json\/wp\/v2\/posts\/8\/revisions"}],"wp:attachment":[{"href":"https:\/\/www.petera.se\/blog\/wp-json\/wp\/v2\/media?parent=8"}],"wp:term":[{"taxonomy":"category","embeddable":true,"href":"https:\/\/www.petera.se\/blog\/wp-json\/wp\/v2\/categories?post=8"},{"taxonomy":"post_tag","embeddable":true,"href":"https:\/\/www.petera.se\/blog\/wp-json\/wp\/v2\/tags?post=8"}],"curies":[{"name":"wp","href":"https:\/\/api.w.org\/{rel}","templated":true}]}}