{"id":828,"date":"2009-05-19T09:59:36","date_gmt":"2009-05-19T07:59:36","guid":{"rendered":"http:\/\/www.petera.se\/blog\/?p=828"},"modified":"2009-05-17T22:38:29","modified_gmt":"2009-05-17T20:38:29","slug":"jag-mediterar-utan-att-veta-om-det","status":"publish","type":"post","link":"https:\/\/www.petera.se\/blog\/jag-mediterar-utan-att-veta-om-det","title":{"rendered":"Jag mediterar utan att veta om det"},"content":{"rendered":"<p>M\u00e4rkligt, men jag k\u00e4nner mig lugnare och mer tillfreds den h\u00e4r veckan. Vette sjutton varf\u00f6r egentligen, men s\u00e5 \u00e4r det. Det enda jag kan koppla det till, f\u00f6r ljuset och v\u00e4rmen har vi ju haft ett tag nu, \u00e4r utflykten i s\u00f6ndags till Spikarna p\u00e5 Aln\u00f6. Vi kokade en termos kaffe, blandade saft, stoppade sv\u00e4rmors nybakade sockerkaka tillsammans med sv\u00e4rmor sj\u00e4lv och drog till havs. Ute p\u00e5 klipporna p\u00e5 Spikarna fikade vi i solen och havsbrisen och m\u00e5dde riktigt bra :)<\/p>\n<p>Det som var extra, och som jag funderar p\u00e5 om det hade s\u00e5n verkan, var att jag hade med mig kameran. N\u00e5ja, ni har r\u00e4tt. Den \u00e4r ofta med. Men den h\u00e4r g\u00e5ngen hamnade jag stundom i ett rej\u00e4lt flow :)\u00a0Att fota familj och milj\u00f6 kan l\u00e4tt f\u00e5 en dokument\u00e4r ansvarspr\u00e4gel, och det\u00a0h\u00e4mmar kreativiteten rej\u00e4lt. Jag \u00e4r kvar i de m\u00f6nster och m\u00f6jligheter som en familj och en natur och milj\u00f6 reglerar. Det blir bra bilder men det \u00f6vertr\u00e4ds inga gr\u00e4nser.<\/p>\n<p>Den h\u00e4r g\u00e5ngen b\u00f6jde jag mig ner och fotade skummande vatten. Jag br\u00e4nde nog bra m\u00e5nga Mb p\u00e5 suddiga br\u00e4nningar och \u00f6verexponerade v\u00e5gor :) Det gick dessutom \u00e5t en hel del grymt utfr\u00e4tta himlar och stenar n\u00e4r jag trixade med blixtljus d\u00e4r i den toksoliga eftermiddagen ;) Men hey, \u00e4r man inne i ett kreativt flow finns inga gr\u00e4nser! D\u00e5 \u00e4r det bara att forts\u00e4tta forts\u00e4tta forts\u00e4tta. Och n\u00e4r du utmattad tar en paus och undrar vad i hela h-e du h\u00e5ller p\u00e5 med. D\u00e5 \u00e4r det bara att inse att du \u00e4r p\u00e5 r\u00e4tt v\u00e4g och forts\u00e4tta \u00e4nnu mer :D Jag fotade berg och grus och vatten och f\u00e5gel och barn och buskar och m\u00e4ngder av m\u00f6nster och myller. Mitt i detta ins\u00e5g jag att jag inte hade n\u00e5gra tankar eller k\u00e4nslor fr\u00e5n vardagen med mig. Jag var helt ren inombords. Inte ens n\u00e4r jag t\u00e4nkte tanken s\u00e5 kom dom krypande, dessa funderingar om rekrytering, resultat och alltings redovisning.<\/p>\n<p>Jag var blank. Och jag har mediterat utan att fatta det ;)<\/p>\n","protected":false},"excerpt":{"rendered":"<p>M\u00e4rkligt, men jag k\u00e4nner mig lugnare och mer tillfreds den h\u00e4r veckan. Vette sjutton varf\u00f6r egentligen, men s\u00e5 \u00e4r det. Det enda jag kan koppla det till, f\u00f6r ljuset och v\u00e4rmen har vi ju haft ett tag nu, \u00e4r utflykten i s\u00f6ndags till Spikarna p\u00e5 Aln\u00f6. Vi kokade en termos kaffe, blandade saft, stoppade sv\u00e4rmors&hellip;<\/p>\n","protected":false},"author":2,"featured_media":0,"comment_status":"open","ping_status":"open","sticky":false,"template":"","format":"standard","meta":{"ngg_post_thumbnail":0,"footnotes":""},"categories":[5],"tags":[537,100,539,535,538,536],"class_list":["post-828","post","type-post","status-publish","format-standard","hentry","category-om-mig","tag-alno","tag-fotografi","tag-hav","tag-meditation","tag-spikarna","tag-utflykt"],"aioseo_notices":[],"_links":{"self":[{"href":"https:\/\/www.petera.se\/blog\/wp-json\/wp\/v2\/posts\/828","targetHints":{"allow":["GET"]}}],"collection":[{"href":"https:\/\/www.petera.se\/blog\/wp-json\/wp\/v2\/posts"}],"about":[{"href":"https:\/\/www.petera.se\/blog\/wp-json\/wp\/v2\/types\/post"}],"author":[{"embeddable":true,"href":"https:\/\/www.petera.se\/blog\/wp-json\/wp\/v2\/users\/2"}],"replies":[{"embeddable":true,"href":"https:\/\/www.petera.se\/blog\/wp-json\/wp\/v2\/comments?post=828"}],"version-history":[{"count":1,"href":"https:\/\/www.petera.se\/blog\/wp-json\/wp\/v2\/posts\/828\/revisions"}],"predecessor-version":[{"id":829,"href":"https:\/\/www.petera.se\/blog\/wp-json\/wp\/v2\/posts\/828\/revisions\/829"}],"wp:attachment":[{"href":"https:\/\/www.petera.se\/blog\/wp-json\/wp\/v2\/media?parent=828"}],"wp:term":[{"taxonomy":"category","embeddable":true,"href":"https:\/\/www.petera.se\/blog\/wp-json\/wp\/v2\/categories?post=828"},{"taxonomy":"post_tag","embeddable":true,"href":"https:\/\/www.petera.se\/blog\/wp-json\/wp\/v2\/tags?post=828"}],"curies":[{"name":"wp","href":"https:\/\/api.w.org\/{rel}","templated":true}]}}