{"id":835,"date":"2009-05-19T11:11:36","date_gmt":"2009-05-19T09:11:36","guid":{"rendered":"http:\/\/www.petera.se\/blog\/?p=835"},"modified":"2009-05-18T23:28:11","modified_gmt":"2009-05-18T21:28:11","slug":"dags-for-nasta-utmaning","status":"publish","type":"post","link":"https:\/\/www.petera.se\/blog\/dags-for-nasta-utmaning","title":{"rendered":"Dags f\u00f6r n\u00e4sta utmaning"},"content":{"rendered":"<p>Nu n\u00e4r <a href=\"http:\/\/www.rsf-fotoklubbar.org\/\" target=\"_blank\">RIFO<\/a> och <a href=\"http:\/\/hem.bredband.net\/mndfoto\/difo.htm\" target=\"_blank\">DIFO<\/a> kr\u00e4vs nya utmaningar f\u00f6r fotografen. Jo, vi har ju en kollektionst\u00e4vling i klubben i h\u00f6st, men ingen riktigt vass t\u00e4vling med m\u00e5nga deltagare och nya perspektiv. I och f\u00f6r sig spelar inte det s\u00e5 stor roll eftersom <a href=\"http:\/\/www.sundsvallsfotoklubb.se\/index.html\" target=\"_blank\">Sundsvalls fotoklubb<\/a> har s\u00e5 grymt duktiga fotografer att jag s\u00e4llan placerar mig. Blev dock trea i f\u00e4rg p\u00e5sikt i v\u00e5ras, och jag fick med en f\u00e4rg digital i rikst\u00e4vlingen RIFO d\u00e4r alla (n\u00e4stan) svenska fotografer deltar.<\/p>\n<p>Men nu siktar jag mot <a href=\"http:\/\/poty2009.dcmag.co.uk\/\" target=\"_blank\">Photographer of the Year 2009<\/a> som ska kora en m\u00e4stare i det de kallar <em>The worlds biggest photo competition<\/em>. De har m\u00e5nga olika klasser, b\u00e5de traditionella bilder med restriktioner p\u00e5 digitalt arbete och helt fria kreativa klasser f\u00f6r photoshopentusiasterna. Sista inl\u00e4mningsdag \u00e4r 30 september s\u00e5 se till att skjut m\u00e5nga bra bilder i sommar s\u00e5 att vi kan vara med tillsammans ;)<\/p>\n","protected":false},"excerpt":{"rendered":"<p>Nu n\u00e4r RIFO och DIFO kr\u00e4vs nya utmaningar f\u00f6r fotografen. Jo, vi har ju en kollektionst\u00e4vling i klubben i h\u00f6st, men ingen riktigt vass t\u00e4vling med m\u00e5nga deltagare och nya perspektiv. I och f\u00f6r sig spelar inte det s\u00e5 stor roll eftersom Sundsvalls fotoklubb har s\u00e5 grymt duktiga fotografer att jag s\u00e4llan placerar mig. Blev&hellip;<\/p>\n","protected":false},"author":2,"featured_media":0,"comment_status":"open","ping_status":"open","sticky":false,"template":"","format":"standard","meta":{"ngg_post_thumbnail":0,"footnotes":""},"categories":[5,8],"tags":[100,1270,344],"class_list":["post-835","post","type-post","status-publish","format-standard","hentry","category-om-mig","category-varlden","tag-fotografi","tag-sundsvall","tag-tavling"],"aioseo_notices":[],"_links":{"self":[{"href":"https:\/\/www.petera.se\/blog\/wp-json\/wp\/v2\/posts\/835","targetHints":{"allow":["GET"]}}],"collection":[{"href":"https:\/\/www.petera.se\/blog\/wp-json\/wp\/v2\/posts"}],"about":[{"href":"https:\/\/www.petera.se\/blog\/wp-json\/wp\/v2\/types\/post"}],"author":[{"embeddable":true,"href":"https:\/\/www.petera.se\/blog\/wp-json\/wp\/v2\/users\/2"}],"replies":[{"embeddable":true,"href":"https:\/\/www.petera.se\/blog\/wp-json\/wp\/v2\/comments?post=835"}],"version-history":[{"count":1,"href":"https:\/\/www.petera.se\/blog\/wp-json\/wp\/v2\/posts\/835\/revisions"}],"predecessor-version":[{"id":836,"href":"https:\/\/www.petera.se\/blog\/wp-json\/wp\/v2\/posts\/835\/revisions\/836"}],"wp:attachment":[{"href":"https:\/\/www.petera.se\/blog\/wp-json\/wp\/v2\/media?parent=835"}],"wp:term":[{"taxonomy":"category","embeddable":true,"href":"https:\/\/www.petera.se\/blog\/wp-json\/wp\/v2\/categories?post=835"},{"taxonomy":"post_tag","embeddable":true,"href":"https:\/\/www.petera.se\/blog\/wp-json\/wp\/v2\/tags?post=835"}],"curies":[{"name":"wp","href":"https:\/\/api.w.org\/{rel}","templated":true}]}}