{"id":9,"date":"2008-01-23T22:58:00","date_gmt":"2008-01-23T21:58:00","guid":{"rendered":"http:\/\/www.petera.se\/blog\/?p=9"},"modified":"2008-01-23T22:58:00","modified_gmt":"2008-01-23T21:58:00","slug":"risken-att-ga-for-langt","status":"publish","type":"post","link":"https:\/\/www.petera.se\/blog\/risken-att-ga-for-langt","title":{"rendered":"Risken att g\u00e5 f\u00f6r l\u00e5ngt"},"content":{"rendered":"<p>Jag undrar jag. Kan man, kan jag reflektera f\u00f6r mycket? Finns det en gr\u00e4ns vid vilken man jag tappar bort sakfr\u00e5gan? Ibland upplever jag att jag reflekterar \u00f6ver \u00e4mnet vi pratar om, och n\u00e4r jag upplever det s\u00e5 reflekterar jag \u00f6ver det och undrar hur det p\u00e5verkar gruppen och samtalet och mig, och d\u00e5 f\u00e5r jag ofta en reflekterande tanke om varf\u00f6r jag lyfter mig fr\u00e5n sakfr\u00e5gan och in i reflektion om reflektion s\u00e5 ofta. Det h\u00e4r l\u00e5ter lite snurrigt och \u00e4r det ocks\u00e5, och \u00e4nd\u00e5 s\u00e5 sitter jag h\u00e4r och reflekterar \u00f6ver hela spektaklet. Jag k\u00e4nner att jag \u00e4r n\u00e4ra att reflektera \u00f6ver mitt bloggande och reflektions-reflekterande men jag ska l\u00e5ta bli annars kan jag inte somna :) Som man inte ska fr\u00e5ga tusenfotingen hur hon kan g\u00e5 med tusen ben, s\u00e5 ska man inte fr\u00e5ga mig varf\u00f6r jag reflekterar s\u00e5 mycket ;)<\/p>\n<p>Jag sitter och ser p\u00e5 par\u00e5kning p\u00e5 konst\u00e5knings-EM och tre par har dabbat sig, ramlat och lyft fel och h\u00e5llt p\u00e5. Kanske de b\u00f6rjat t\u00e4nka p\u00e5 hur de kan vara s\u00e5 grymt duktiga och f\u00f6rs\u00f6kt g\u00f6ra den omdevetna kompetensen medveten och vips kr\u00e4ver den mental kapacitet ist\u00e4llet f\u00f6r att utf\u00f6ras automatiskt. Ukraina f\u00e5r ingen medlj st\u00e5r ganska klart nu efter att bara landat p\u00e5 tredje plats efter sitt \u00e5k, och d\u00e5 \u00e4r tyskarna Savchenko och Szolkowy kvar att k\u00f6ra och det ska ju bara vinna guld&#8230;eller :)<\/p>\n<p>Men att reflektera f\u00f6r l\u00e5ngt kan vara som att ha ett ohemult pushande p\u00e5 en stack utan att ha koll p\u00e5 sina poppar. Det \u00e4r sv\u00e5rt att veta var vi var innan vi b\u00f6rjade pushandet. Alla som arbetat med rekursiva funktioner med manuell hantering av stacken vet vad jag talar om :) Pl\u00f6tsligt s\u00e5 tror jag att jag \u00e4r tillbaka i samtalet och sakfr\u00e5gan eller problemet men s\u00e5 visar det sig att jag ligger en niv\u00e5 fel i f\u00f6rh\u00e5llande till de \u00f6vriga och allt blir knasigt&#8230; Knasigt men kul, och alltid n\u00e5t att reflektera \u00f6ver :-D<\/p>\n<p>Nu s\u00e5, nu \u00e4r de ig\u00e5ng, grym \u00e5kning, vackra lila nyanser i kl\u00e4derna, mjuk, sk\u00f6n och st\u00e4mningsfull musik, men nu ska vi se po\u00e4ngen f\u00f6r tyskarna&#8230;det h\u00e4r \u00e4r givet guld tror jag&#8230;wow nytt s\u00e4songsrekord, \u00f6ver 132 po\u00e4ng, och det \u00e4r ett solklart \u00f6verl\u00e4gset GULD. Skoj! De gjorde det inte de andra klarade av. De kopplade bort hj\u00e4rnan och tankarna, och slog p\u00e5 den mentalt tr\u00e4nade och framg\u00e5ngs\u00e4lskande mekanismen som de n\u00f6tt fram otaliga timmar i tr\u00e4ningslokalen.<\/p>\n<p>Dit ska jag g\u00e5 och tr\u00e4na sakfr\u00e5ga :)<\/p>\n","protected":false},"excerpt":{"rendered":"<p>Jag undrar jag. Kan man, kan jag reflektera f\u00f6r mycket? Finns det en gr\u00e4ns vid vilken man jag tappar bort sakfr\u00e5gan? Ibland upplever jag att jag reflekterar \u00f6ver \u00e4mnet vi pratar om, och n\u00e4r jag upplever det s\u00e5 reflekterar jag \u00f6ver det och undrar hur det p\u00e5verkar gruppen och samtalet och mig, och d\u00e5 f\u00e5r&hellip;<\/p>\n","protected":false},"author":2,"featured_media":0,"comment_status":"open","ping_status":"open","sticky":false,"template":"","format":"standard","meta":{"ngg_post_thumbnail":0,"footnotes":""},"categories":[5],"tags":[],"class_list":["post-9","post","type-post","status-publish","format-standard","hentry","category-om-mig"],"aioseo_notices":[],"_links":{"self":[{"href":"https:\/\/www.petera.se\/blog\/wp-json\/wp\/v2\/posts\/9","targetHints":{"allow":["GET"]}}],"collection":[{"href":"https:\/\/www.petera.se\/blog\/wp-json\/wp\/v2\/posts"}],"about":[{"href":"https:\/\/www.petera.se\/blog\/wp-json\/wp\/v2\/types\/post"}],"author":[{"embeddable":true,"href":"https:\/\/www.petera.se\/blog\/wp-json\/wp\/v2\/users\/2"}],"replies":[{"embeddable":true,"href":"https:\/\/www.petera.se\/blog\/wp-json\/wp\/v2\/comments?post=9"}],"version-history":[{"count":0,"href":"https:\/\/www.petera.se\/blog\/wp-json\/wp\/v2\/posts\/9\/revisions"}],"wp:attachment":[{"href":"https:\/\/www.petera.se\/blog\/wp-json\/wp\/v2\/media?parent=9"}],"wp:term":[{"taxonomy":"category","embeddable":true,"href":"https:\/\/www.petera.se\/blog\/wp-json\/wp\/v2\/categories?post=9"},{"taxonomy":"post_tag","embeddable":true,"href":"https:\/\/www.petera.se\/blog\/wp-json\/wp\/v2\/tags?post=9"}],"curies":[{"name":"wp","href":"https:\/\/api.w.org\/{rel}","templated":true}]}}