{"id":932,"date":"2009-06-15T09:52:48","date_gmt":"2009-06-15T07:52:48","guid":{"rendered":"http:\/\/www.petera.se\/blog\/?p=932"},"modified":"2009-06-11T22:07:44","modified_gmt":"2009-06-11T20:07:44","slug":"kors-och-tvars-arbetsliv-och-maktrelationer","status":"publish","type":"post","link":"https:\/\/www.petera.se\/blog\/kors-och-tvars-arbetsliv-och-maktrelationer","title":{"rendered":"Kors och tv\u00e4rs &#8211; arbetsliv och maktrelationer"},"content":{"rendered":"<p><a href=\"http:\/\/www.adlibris.com\/se\/product.aspx?isbn=9185505013\" target=\"_blank\"><img decoding=\"async\" class=\"alignleft size-full wp-image-933\" src=\"https:\/\/www.petera.se\/blog\/wp-content\/uploads\/2009\/06\/9185505013.jpg\" alt=\"\" width=\"88\" height=\"130\" \/><\/a>I antologin<em><a href=\"http:\/\/www.adlibris.com\/se\/product.aspx?isbn=9185505013\" target=\"_blank\">Kors &amp; tv\u00e4rs: Intersektionalitet och makt i storstadens arbetsliv<\/a><\/em> samlar f\u00f6rfattarna Anders Neergard, Arne Nilsson och Ewa Gunnarsson (red) ett antal texter som alla handlar om storstad och arbetsliv. Det \u00e4r en salig blandning d\u00e4r olika \u00e4mnen blandas, men med ett st\u00e4ndigt intersektionellt perspektiv. Intersektionaliteten visar sig dels i att m\u00e5nga av texterna analyserar flera maktrelationer i samverkan, genus och etnicitet och klass osv. men det visar sig ocks\u00e5 i mixen av texter och angreppss\u00e4tt vilket ger oss som l\u00e4sare m\u00f6jligheten att j\u00e4mf\u00f6ra b\u00e5de resultat och metodologi mellan olika forskningsinsatser. Jag hade mycket nytta av boken i de sista tentorna p\u00e5 sociologins A-kurs, och tyckte dessutom att n\u00e5gra av texterna var riktigt bra :)<\/p>\n<p><a href=\"http:\/\/www.isv.liu.se\/medarbetare-vid-isv\/neergaard-anders\" target=\"_blank\">Anders Neergaard<\/a> gjorde st\u00f6rst intryck och skrev klockrent om diskriminering kopplat till rekrytering och sv\u00e5righeterna att f\u00e5 j\u00e4mst\u00e4lldhetsriktlinjer och diskrimineringspolicies att bli f\u00f6rst\u00e5dda och efterlevda. Det \u00e4r m\u00e5nga, visade sig hans forskning, som s\u00e4ger sig ha fattat vad som f\u00f6rv\u00e4ntas och vad som \u00e4r r\u00e4tt, men n\u00e4r ans\u00f6kningarna med namn som f\u00f6r en, i deras egna \u00f6gon, tv\u00e4tt\u00e4kta svensk \u00e4r sv\u00e5ra att uttala s\u00e5 f\u00f6ljer b\u00e5de f\u00f6rst\u00e5elsen och det etiskt r\u00e4tta handlandet med det personliga brevet och bifogade cv:t ner i papperskorgen. \u00a0Sen kan det vara hur v\u00e4lskrivet och kompetent som helst. N\u00e4r vi m\u00f6ter det ok\u00e4nda flyr vi fr\u00e5n v\u00e5r moral och in i det becksvarta f\u00f6rdomsfulla landet, och d\u00e4r lyser r\u00e4ttviselampan inte speciellt starkt. Neergard f\u00f6rklarar detta tydligt och med hygglig m\u00e4ngd empiriska underlag vilket skapar trov\u00e4rdighet och insyn i hans arbete.<\/p>\n<p>Andra delar av materialet \u00e4r dock av lite mer tveksam natur, volymi\u00f6st som\u00a0antologin \u00e4r, och jag tror inte alla som bidragit med texter till boken \u00e4r av samma litter\u00e4ra och vetenskapliga kaliber som Neergaard :) Men den totala samlingen texter \u00e4r bra, och det \u00e4r sk\u00f6nt att det finns grader av kvalitet inom den sociologiska v\u00e4rlden, vilket m\u00f6jligg\u00f6r undertecknad att kunna ta plats ;)<\/p>\n","protected":false},"excerpt":{"rendered":"<p>I antologinKors &amp; tv\u00e4rs: Intersektionalitet och makt i storstadens arbetsliv samlar f\u00f6rfattarna Anders Neergard, Arne Nilsson och Ewa Gunnarsson (red) ett antal texter som alla handlar om storstad och arbetsliv. Det \u00e4r en salig blandning d\u00e4r olika \u00e4mnen blandas, men med ett st\u00e4ndigt intersektionellt perspektiv. Intersektionaliteten visar sig dels i att m\u00e5nga av texterna analyserar&hellip;<\/p>\n","protected":false},"author":2,"featured_media":0,"comment_status":"open","ping_status":"open","sticky":false,"template":"","format":"standard","meta":{"ngg_post_thumbnail":0,"footnotes":""},"categories":[6,5],"tags":[577,142,64,504,75,71,280],"class_list":["post-932","post","type-post","status-publish","format-standard","hentry","category-bocker","category-om-mig","tag-arbetsliv","tag-bok","tag-bokrecension","tag-intersektionalitet","tag-makt","tag-sociologi","tag-sociologi-gr-a"],"aioseo_notices":[],"_links":{"self":[{"href":"https:\/\/www.petera.se\/blog\/wp-json\/wp\/v2\/posts\/932","targetHints":{"allow":["GET"]}}],"collection":[{"href":"https:\/\/www.petera.se\/blog\/wp-json\/wp\/v2\/posts"}],"about":[{"href":"https:\/\/www.petera.se\/blog\/wp-json\/wp\/v2\/types\/post"}],"author":[{"embeddable":true,"href":"https:\/\/www.petera.se\/blog\/wp-json\/wp\/v2\/users\/2"}],"replies":[{"embeddable":true,"href":"https:\/\/www.petera.se\/blog\/wp-json\/wp\/v2\/comments?post=932"}],"version-history":[{"count":3,"href":"https:\/\/www.petera.se\/blog\/wp-json\/wp\/v2\/posts\/932\/revisions"}],"predecessor-version":[{"id":936,"href":"https:\/\/www.petera.se\/blog\/wp-json\/wp\/v2\/posts\/932\/revisions\/936"}],"wp:attachment":[{"href":"https:\/\/www.petera.se\/blog\/wp-json\/wp\/v2\/media?parent=932"}],"wp:term":[{"taxonomy":"category","embeddable":true,"href":"https:\/\/www.petera.se\/blog\/wp-json\/wp\/v2\/categories?post=932"},{"taxonomy":"post_tag","embeddable":true,"href":"https:\/\/www.petera.se\/blog\/wp-json\/wp\/v2\/tags?post=932"}],"curies":[{"name":"wp","href":"https:\/\/api.w.org\/{rel}","templated":true}]}}