{"id":94,"date":"2008-05-14T00:09:39","date_gmt":"2008-05-13T22:09:39","guid":{"rendered":"http:\/\/www.petera.se\/blog\/?p=94"},"modified":"2008-05-16T18:11:46","modified_gmt":"2008-05-16T16:11:46","slug":"fira-falska-framgangar-ar-det-politik-det","status":"publish","type":"post","link":"https:\/\/www.petera.se\/blog\/fira-falska-framgangar-ar-det-politik-det","title":{"rendered":"Fira falska framg\u00e5ngar &#8211; \u00e4r det politik det?"},"content":{"rendered":"<p>Lite fascinerande att l\u00e4sa dagens lokaltidning. Med rubriken &#8221;Sundsvall kl\u00e4ttrar i f\u00f6retagsranking&#8221; beskrivs hur Sundsvall kl\u00e4ttrar 16 placeringar fr\u00e5n 175:e till 159:e plats i Svenskt N\u00e4ringslivs m\u00e4tning av <a href=\"http:\/\/www.svensktnaringsliv.se\/appkfakta\/rankingall.do\">kommunernas f\u00f6retagsklimat<\/a>. Kommunalr\u00e5det Anita Bdioui bjuds p\u00e5 cider och firar framg\u00e5ngen. Hon anser i och f\u00f6r sig att m\u00e4tningen har sina brister eftersom kommuner har olika f\u00f6ruts\u00e4ttningar, men samtidigt s\u00e5 s\u00e4ger hon att m\u00e4tningen kan vara bra f\u00f6r att den ger &#8221;en \u00e5terkoppling utifr\u00e5n&#8221;. Det l\u00e5ter ju som mina egna kvant-tankar, d\u00e4r alla \u00e5sikter och m\u00f6jligheter finns med p\u00e5 samma g\u00e5ng :)<\/p>\n<p>Kl\u00e4ttringen beskrivs som en seger och ett bevis p\u00e5 entr\u00e4get arbete. I tidningen citeras Anita:<br \/>\n&#8211; \u00c4ntligen b\u00f6rjar det l\u00e5ngsiktiga arbete som vi har lagt ner visa resultat, sa kommunalr\u00e5det.\u00a0<\/p>\n<p>Det Anita, Svenskt N\u00e4ringsliv\u00a0och ST missar \u00e4r Sundsvalls historik i tidigare m\u00e4tningar och m\u00e5ls\u00e4ttningen som Sundsvalls kommun tydliggjort i &#8221;<a title=\"Handlingsplan f\u00f6r f\u00f6rb\u00e4ttrat f\u00f6retagsklimat\" href=\"http:\/\/sundsvall.se\/download\/18.1e7097d111d44c427e80006645\/Handlingsplan+f+f%C3%B6rb%C3%A4ttrat+f%C3%B6retagsklimat+2007-2010+webb.pdf\" target=\"_blank\">Handlingsplan f\u00f6r f\u00f6rb\u00e4ttrat f\u00f6retagsklimat<\/a>&#8221;. \u00a0Historiskt s\u00e5 har Sundsvall hoppat upp och ner i rankingen:<br \/>\n\u00c5r\u00a02007 landade Sundsvall p\u00e5 175:e plats<br \/>\n\u00c5r 2006 l\u00e5g Sundsvall p\u00e5 173:e plats<br \/>\n\u00c5r 2005 p\u00e5 206:e plats<br \/>\n\u00c5r 2004 p\u00e5 126:e plats<\/p>\n<p>I februari 2007 sattes handlingsplanen f\u00f6r det f\u00f6rb\u00e4ttrade f\u00f6retagsklimatet i sj\u00f6n. D\u00e4r sattes m\u00e5len upp att Sundsvall skulle kl\u00e4ttra 40 placeringar 2007 (!), ytterligare 20 placeringar 2008, 2009 och 2010 f\u00f6r att landa Sundsvalls kommun p\u00e5 en plats bland de 75 b\u00e4sta kommunerna. Det \u00e4r ju intressant att handlingsplanen vill j\u00e4mf\u00f6ra sig mot \u00f6vriga kommuner n\u00e4r Anita Bdioui anser att det inte g\u00e5r.<\/p>\n<p>Ist\u00e4llet f\u00f6r att se kommunalr\u00e5det sk\u00e5la i cider och l\u00e5tsas som att det \u00e4r stora framg\u00e5ngar skulle jag vilja h\u00f6ra varf\u00f6r Sundsvall inte kl\u00e4ttrat de 60 placeringar som var m\u00e5ls\u00e4ttningen! Vi \u00e4r p\u00e5 plats 159 men skulle ha varit p\u00e5 115! Det \u00e4r en stor skillnad, och sannolikt ett avg\u00f6rande misslyckande n\u00e4r det g\u00e4ller att n\u00e5 m\u00e5let med plats 75 \u00e5r 2010.\u00a0I min v\u00e4rld fylld av verksamhetsstyrningsfr\u00e5gor skulle resultatet j\u00e4mf\u00f6rts mot planen och gett upphov till fr\u00e5gorna: varf\u00f6r har vi det h\u00e4r resultatet, vad har vi inte gjort tillr\u00e4ckligt bra, vad m\u00e5ste vi g\u00f6ra nu? Det skulle vara ett intressantare perspektiv.<\/p>\n<p>Se ocks\u00e5 <a href=\"http:\/\/www.st.nu\/ordetfritt\/?action=visa_inlagg&amp;id=48919\">ST.nu<\/a>&#8230;<\/p>\n","protected":false},"excerpt":{"rendered":"<p>Lite fascinerande att l\u00e4sa dagens lokaltidning. Med rubriken &#8221;Sundsvall kl\u00e4ttrar i f\u00f6retagsranking&#8221; beskrivs hur Sundsvall kl\u00e4ttrar 16 placeringar fr\u00e5n 175:e till 159:e plats i Svenskt N\u00e4ringslivs m\u00e4tning av kommunernas f\u00f6retagsklimat. Kommunalr\u00e5det Anita Bdioui bjuds p\u00e5 cider och firar framg\u00e5ngen. Hon anser i och f\u00f6r sig att m\u00e4tningen har sina brister eftersom kommuner har olika f\u00f6ruts\u00e4ttningar,&hellip;<\/p>\n","protected":false},"author":2,"featured_media":0,"comment_status":"open","ping_status":"open","sticky":false,"template":"","format":"standard","meta":{"ngg_post_thumbnail":0,"footnotes":""},"categories":[7,8],"tags":[90,215,214,211,1270],"class_list":["post-94","post","type-post","status-publish","format-standard","hentry","category-organisation","category-varlden","tag-handlingsplan","tag-naringsliv","tag-politik","tag-samhalle","tag-sundsvall"],"aioseo_notices":[],"_links":{"self":[{"href":"https:\/\/www.petera.se\/blog\/wp-json\/wp\/v2\/posts\/94","targetHints":{"allow":["GET"]}}],"collection":[{"href":"https:\/\/www.petera.se\/blog\/wp-json\/wp\/v2\/posts"}],"about":[{"href":"https:\/\/www.petera.se\/blog\/wp-json\/wp\/v2\/types\/post"}],"author":[{"embeddable":true,"href":"https:\/\/www.petera.se\/blog\/wp-json\/wp\/v2\/users\/2"}],"replies":[{"embeddable":true,"href":"https:\/\/www.petera.se\/blog\/wp-json\/wp\/v2\/comments?post=94"}],"version-history":[{"count":0,"href":"https:\/\/www.petera.se\/blog\/wp-json\/wp\/v2\/posts\/94\/revisions"}],"wp:attachment":[{"href":"https:\/\/www.petera.se\/blog\/wp-json\/wp\/v2\/media?parent=94"}],"wp:term":[{"taxonomy":"category","embeddable":true,"href":"https:\/\/www.petera.se\/blog\/wp-json\/wp\/v2\/categories?post=94"},{"taxonomy":"post_tag","embeddable":true,"href":"https:\/\/www.petera.se\/blog\/wp-json\/wp\/v2\/tags?post=94"}],"curies":[{"name":"wp","href":"https:\/\/api.w.org\/{rel}","templated":true}]}}