{"id":97,"date":"2008-05-20T23:03:30","date_gmt":"2008-05-20T21:03:30","guid":{"rendered":"http:\/\/www.petera.se\/blog\/?p=97"},"modified":"2008-05-20T23:03:30","modified_gmt":"2008-05-20T21:03:30","slug":"ny-titelbild-och-mer-bilder","status":"publish","type":"post","link":"https:\/\/www.petera.se\/blog\/ny-titelbild-och-mer-bilder","title":{"rendered":"Ny titelbild &#8211; och mer bilder"},"content":{"rendered":"<p>Ingen hade n\u00e5got svar att komma med p\u00e5 fr\u00e5gan om var f\u00f6rra titelbilden var tagen. M\u00e5s i motljus i Malgomaj i Lappland :) Inte det l\u00e4ttaste att spika, men det borde ha g\u00e5tt att se p\u00e5 t\u00e4rnan ;)<\/p>\n<p>Ny bild igen. Denna g\u00e5ng ett utsnitt av en k\u00e4nd bild fr\u00e5n Barcelona. Taket p\u00e5 Casa Battlo \u00e4r s\u00e5 vackert att det n\u00e4stan t\u00e5ras i \u00f6gonen. I samband med att jag framkallade digitala svartvita bilder till <a href=\"http:\/\/www.rsf-fotoklubbar.org\/\">Riksf\u00f6rbundet Svensk Fotografis<\/a> \u00e5rsbok s\u00e5 hittade jag just det h\u00e4r utsnittet med den m\u00f6rka spanska himlen i kontrast mot det blanka och starka taket. Det \u00e4r ju s\u00e5 vackert!<\/p>\n<p>Hade n\u00e5gra grymt vackra tankar idag om olika s\u00e4tt att ha f\u00f6rst\u00e5else.<br \/>\n&#8211; Var \u00e4r din yta, sa kvadraten till linjen.<br \/>\n&#8211; Det \u00e4r s\u00e5 h\u00e4r jag str\u00e4cker ut mig. Se s\u00e5 l\u00e5ng jag blir, f\u00f6rklarade den\u00a0os\u00e4kra linjen med ett goddag-yxskaft-svar.<br \/>\n&#8211; Jag f\u00e5r ingen bild av dig, hur h\u00f6g \u00e4r du? undrade kvadraten f\u00f6rbryllat\u00a0och tittade en g\u00e5ng till p\u00e5 linjen f\u00f6r att se hur det s\u00e5g ut bakom den.<br \/>\n&#8211; Se, ibland \u00e4r jag kort ocks\u00e5. Se hur smidigt jag r\u00f6r mig fram\u00e5t och bak\u00e5t, kommenterade linjen som nu var os\u00e4ker p\u00e5 om kvadraten tyckte om honom eller inte.<br \/>\n&#8211; Men jag beh\u00f6ver f\u00e5 en yta att se p\u00e5! Hur r\u00f6r du dig upp\u00e5t och ner\u00e5t? fortsatte kvadraten of\u00f6rtrutet. N\u00e5gon g\u00e5ng m\u00e5ste v\u00e4l den h\u00e4r m\u00e4rkliga individen visa sin hela yta och inte bara ena sidan till.<br \/>\nLinjen var nu riktigt pressad. Hur kommer det sig att han inte blir f\u00f6rst\u00e5dd. Han har ju f\u00f6rs\u00f6kt att beskriva alla sina egenskaper. S\u00e5 h\u00e4r \u00f6ppen och tydlig har han aldrig varit.<br \/>\nKvadraten var irriterad i stunden. Det gick ju inte att f\u00e5 en uppfattning om vad det var f\u00f6r filur som satt framf\u00f6r henne utan att vilja visa upp sin fulla form.<\/p>\n<p>Vid sidan om dessa satt det en kub och reflekterade.<br \/>\n&#8211; Det var d\u00e5 m\u00e4rkligt vad kvadraten s\u00e4tter \u00e5t linjen h\u00e5rt idag d\u00e5. Vaknat p\u00e5 fel sida, m\u00e5nne? Kuben\u00a0k\u00e4nde kvadratens frustration och s\u00e5g linjens f\u00f6rs\u00f6k att blidka. N\u00e4r linjen sidledes l\u00e4mnat gruppen tog kuben\u00a0\u00e4ntligen till orda.<br \/>\n&#8211; Vad fick du f\u00f6r bild av v\u00e5r nya v\u00e4n, k\u00e4ra kvadrat?<br \/>\n&#8211; Det gick inte att f\u00e5 n\u00e5gon bild! Det fanns ingen\u00a0area alls, ingen h\u00f6jd att m\u00e4ta, och j\u00e4mf\u00f6rt med dig som alltid visar upp n\u00e5gon typ av yta mot omv\u00e4rlden var den h\u00e4r krabaten v\u00e4ldigt sv\u00e5r att f\u00e5 grepp om.<br \/>\nKvadraten var i bryderier, men k\u00e4nde \u00e4nd\u00e5 p\u00e5 sig att det fanns n\u00e5gon annan f\u00f6rklaring. Hon letade ord \u00e5terigen.<br \/>\n&#8211; Kan det vara s\u00e5 att vi \u00e4r olika som m\u00e4nniskor? Var det helt enkelt s\u00e5 att den h\u00e4r personen inte hade n\u00e5gon h\u00f6jd alls!? Jag s\u00f6kte n\u00e5got som inte fanns? Men vad \u00e4r d\u00e5 meningen om vi inte alla kan f\u00e5 r\u00f6ra oss i alla fyra riktningar och se v\u00e4rlden i tv\u00e5 dimensioner?<\/p>\n<p>Kvadraten s\u00f6kte svar, och kuben tog chansen.<br \/>\n&#8211; Har du reflekterat \u00f6ver oss m\u00e4nniskor, min v\u00e4n. Vi \u00e4r ju s\u00e5 olika. Se p\u00e5 dig, en vacker kvadrat. Perfekt i sin symmetri och full\u00e4ndning. Du vill att alla ska likna dig, f\u00f6r d\u00e5 \u00e4r v\u00e4rlden trygg och sk\u00f6n att vara i. Men alla \u00e4r inte som du. Den du nyss tr\u00e4ffade visade bara en enda sida f\u00f6r han hade bara en enda sida. Det var en linje, och han f\u00f6rstod inte dina ord om yta, upp och ner. Han f\u00f6rst\u00e5r l\u00e4ngd, sida h\u00f6ger och v\u00e4nster. Du m\u00e5ste hj\u00e4lpa honom att f\u00f6rst\u00e5 att en linje kan ha en tjocklek, och att den kan str\u00e4ckas ut till en yta. Om du f\u00f6rst\u00e5r hur du kan g\u00f6ra det kommer du att skapa ytor av linjer. P\u00e5 samma s\u00e4tt f\u00f6rs\u00f6ker jag f\u00e5 dig att inse att jag \u00e4r en kub. En kub \u00e4r en kvadrat med tjocklek som str\u00e4ckts ut i en ny dimension. Ut\u00f6ver h\u00f6ger-v\u00e4nster och upp-ner kan jag r\u00f6ra mig och f\u00f6rst\u00e5 in\u00e5t-ut\u00e5t. Jag \u00e4r mer komplex, ser st\u00f6rre strukturer och f\u00f6rst\u00e5r mer komplexa sammanhang. Din tv\u00e5dimensionella v\u00e4rld blir aldrig densamma n\u00e4r du tr\u00e4tt \u00f6ver tr\u00f6skeln till det tredimensionella paradiset.<\/p>\n<p>I ett h\u00f6rn i rummet, i en dimension osynlig f\u00f6r de b\u00e5da talande sm\u00f6g en fyrdimensionell hyperkub fram. Nyfiket lyssnade den till den alltmer kaxige och l\u00e4tt arrogante kuben som l\u00e4t munl\u00e4dret vina.<br \/>\n&#8211; N\u00e4r du \u00e4r en kub, f\u00f6rst\u00e5r du att vi alla \u00e4r olika former och att vi m\u00e5ste str\u00e4va efter att hj\u00e4lpa de l\u00e4gre formerna att v\u00e4xa, att f\u00f6rst\u00e5 mer, att se de nya dimensionerna. Det \u00e4r s\u00e5 vi blir fullkomliga som m\u00e4nniskor!<br \/>\nKvadraten var nu h\u00e4pen och full av v\u00f6rdnad inf\u00f6r den kloke och vise kuben. Det h\u00e4r hade hon aldrig t\u00e4nkt p\u00e5, och satt mitt i en underbar aha-upplevelse som bara v\u00e4xte i styrka ju mer kunskapsfr\u00f6n och erfarenheter ur hennes minne som transformerades genom den nya f\u00f6rst\u00e5elsen. S\u00e5 dum hon varit. S\u00e5 otroligt inskr\u00e4nkt hon sett p\u00e5 alla dessa endimensionella former! Pl\u00f6tsligt for en v\u00e5g av v\u00e4rme genom hennes fyra sidor, och de fyra h\u00f6rnen lyste upp.<br \/>\n&#8211; Kub, kub,\u00a0t\u00e4nk p\u00e5 alla punkter! Vad g\u00f6r vi med dom? Vi m\u00e5ste ta tag i detta!<\/p>\n<p>Hyperkuben log milt och t\u00e4nkte p\u00e5 sin tid som punkt. Den tid i livet d\u00e5 allt var bekymmersfritt, d\u00e5 inga hinder syntes f\u00f6r h\u00f6ga. Perioden som linje, d\u00e5 utmaningarna varit endimensionella och enkla att hantera. Bristen p\u00e5 f\u00f6rst\u00e5else f\u00f6r helheten hade gjort arbetet effektivt. Hon hade ju varit skicklig i sitt jobb! T\u00e5rar f\u00f6ddes i hyperkubens alla \u00f6gon vid alla tillf\u00e4llen utefter den fj\u00e4rde dimensionen. Det hade varit s\u00e5 enkelt. Som yta och som volym hade ju livet ocks\u00e5 k\u00e4nts hanterbart. Den klockrena arrogans som riskerar att f\u00f6das med snabba kvantspr\u00e5ng var endast symptom p\u00e5 den inskr\u00e4nkta livssynen som fortfarande bodde i dessa enkla former.<\/p>\n<p>Som hyperkub hade hon nu f\u00f6rst\u00e5tt att det finns en plats f\u00f6r alla. En punkt \u00e4r inte s\u00e4mre \u00e4n en linje. En kub \u00e4r inte b\u00e4ttre \u00e4n en kvadrat! Perioder i livet, situationer vi hamnar i, m\u00e4nniskor vi umg\u00e5s med &#8211; alla kr\u00e4ver en typ av form. Inte alla problem beh\u00f6ver l\u00f6sas av en fyrdimensionell hyperkub. Handlingskraft \u00e4r inte ofta s\u00e5 ofta kopplat till l\u00e5ngtg\u00e5ende f\u00f6rst\u00e5else och flerdimensionella reflektioner.<\/p>\n<p>Jag reflekterar &#8211; allts\u00e5 \u00e4r jag! :D<br \/>\nJag agerar &#8211; allts\u00e5 g\u00f6r jag! ;)<\/p>\n","protected":false},"excerpt":{"rendered":"<p>Ingen hade n\u00e5got svar att komma med p\u00e5 fr\u00e5gan om var f\u00f6rra titelbilden var tagen. M\u00e5s i motljus i Malgomaj i Lappland :) Inte det l\u00e4ttaste att spika, men det borde ha g\u00e5tt att se p\u00e5 t\u00e4rnan ;) Ny bild igen. Denna g\u00e5ng ett utsnitt av en k\u00e4nd bild fr\u00e5n Barcelona. Taket p\u00e5 Casa Battlo&hellip;<\/p>\n","protected":false},"author":2,"featured_media":0,"comment_status":"open","ping_status":"open","sticky":false,"template":"","format":"standard","meta":{"ngg_post_thumbnail":0,"footnotes":""},"categories":[170,51],"tags":[175,1269,56,222,124,221],"class_list":["post-97","post","type-post","status-publish","format-standard","hentry","category-bilder","category-blogg","tag-barcelona","tag-bilder","tag-forstaelse","tag-rsf","tag-titel","tag-vetenskap"],"aioseo_notices":[],"_links":{"self":[{"href":"https:\/\/www.petera.se\/blog\/wp-json\/wp\/v2\/posts\/97","targetHints":{"allow":["GET"]}}],"collection":[{"href":"https:\/\/www.petera.se\/blog\/wp-json\/wp\/v2\/posts"}],"about":[{"href":"https:\/\/www.petera.se\/blog\/wp-json\/wp\/v2\/types\/post"}],"author":[{"embeddable":true,"href":"https:\/\/www.petera.se\/blog\/wp-json\/wp\/v2\/users\/2"}],"replies":[{"embeddable":true,"href":"https:\/\/www.petera.se\/blog\/wp-json\/wp\/v2\/comments?post=97"}],"version-history":[{"count":0,"href":"https:\/\/www.petera.se\/blog\/wp-json\/wp\/v2\/posts\/97\/revisions"}],"wp:attachment":[{"href":"https:\/\/www.petera.se\/blog\/wp-json\/wp\/v2\/media?parent=97"}],"wp:term":[{"taxonomy":"category","embeddable":true,"href":"https:\/\/www.petera.se\/blog\/wp-json\/wp\/v2\/categories?post=97"},{"taxonomy":"post_tag","embeddable":true,"href":"https:\/\/www.petera.se\/blog\/wp-json\/wp\/v2\/tags?post=97"}],"curies":[{"name":"wp","href":"https:\/\/api.w.org\/{rel}","templated":true}]}}